{"id":5074,"date":"2024-10-12T04:09:44","date_gmt":"2024-10-12T04:09:44","guid":{"rendered":"https:\/\/ageit.eu\/wp\/?p=5074"},"modified":"2025-02-09T18:43:30","modified_gmt":"2025-02-09T18:43:30","slug":"spoke-9-convegno-su-spazi-e-dispositivi-intelligenti-per-linvecchiamento-roma18-dicembre-2024","status":"publish","type":"post","link":"https:\/\/ageit.eu\/wp\/2024\/10\/12\/spoke-9-convegno-su-spazi-e-dispositivi-intelligenti-per-linvecchiamento-roma18-dicembre-2024\/","title":{"rendered":"SPOKE 9 &#8211; Convegno su spazi e dispositivi intelligenti per l&#8217;invecchiamento \u2013 Roma, 18 dicembre 2024"},"content":{"rendered":"\t\t<div data-elementor-type=\"wp-post\" data-elementor-id=\"5074\" class=\"elementor elementor-5074\">\n\t\t\t\t<div class=\"elementor-element elementor-element-7ba1e720 e-flex e-con-boxed wpr-particle-no wpr-jarallax-no wpr-parallax-no wpr-sticky-section-no wpr-equal-height-no e-con e-parent\" data-id=\"7ba1e720\" data-element_type=\"container\" data-e-type=\"container\">\n\t\t\t\t\t<div class=\"e-con-inner\">\n\t\t\t\t<div class=\"elementor-element elementor-element-10dc8c7c elementor-drop-cap-yes elementor-drop-cap-view-default elementor-widget elementor-widget-text-editor\" data-id=\"10dc8c7c\" data-element_type=\"widget\" data-e-type=\"widget\" data-settings=\"{&quot;drop_cap&quot;:&quot;yes&quot;}\" data-widget_type=\"text-editor.default\">\n\t\t\t\t<div class=\"elementor-widget-container\">\n\t\t\t\t\t\t\t\t\t<figure>\n<p><strong>***Aggiornamento del 9 febbraio 2025. A questo link le foto dell&#8217;evento &#8212;&nbsp;<\/strong><a href=\"https:\/\/ageiteu-my.sharepoint.com\/personal\/info_ageit_it\/_layouts\/15\/onedrive.aspx?id=%2Fpersonal%2Finfo%5Fageit%5Fit%2FDocuments%2F01%5FIMPLEMENTAZIONE%2F09%5FCOMM%2DDISS%2DEXP%2F14%5FNewsletter%2F01%5FFebbraio25%2FFoto%20%2D%20Spoke%209%2C%20Convegno%2C%2018%20dicembre%202024&amp;ga=1\">Foto<\/a><u><\/u><\/p>\n<p><span style=\"font-style: inherit; font-weight: inherit; color: var( --e-global-color-text ); font-family: var( --e-global-typography-text-font-family ), Sans-serif; text-align: var(--text-align); background-color: var(--ast-global-color-5);\">&nbsp;<\/span><span style=\"font-style: inherit; font-weight: inherit; color: var( --e-global-color-text ); font-family: var( --e-global-typography-text-font-family ), Sans-serif; text-align: var(--text-align); background-color: var(--ast-global-color-5);\">Il prossimo <\/span><strong style=\"font-style: inherit; color: var( --e-global-color-text ); font-family: var( --e-global-typography-text-font-family ), Sans-serif; text-align: var(--text-align); background-color: var(--ast-global-color-5);\">18 dicembre 2024<\/strong><span style=\"font-style: inherit; font-weight: inherit; color: var( --e-global-color-text ); font-family: var( --e-global-typography-text-font-family ), Sans-serif; text-align: var(--text-align); background-color: var(--ast-global-color-5);\">, si terr\u00e0 presso l&#8217;Aula Magna della Facolt\u00e0 di Architettura dell&#8217;<\/span><strong style=\"font-style: inherit; color: var( --e-global-color-text ); font-family: var( --e-global-typography-text-font-family ), Sans-serif; text-align: var(--text-align); background-color: var(--ast-global-color-5);\">Universit\u00e0 di Roma Sapienza<\/strong><span style=\"font-style: inherit; font-weight: inherit; color: var( --e-global-color-text ); font-family: var( --e-global-typography-text-font-family ), Sans-serif; text-align: var(--text-align); background-color: var(--ast-global-color-5);\"> (via A. Gramsci 53) il <\/span><strong style=\"font-style: inherit; color: var( --e-global-color-text ); font-family: var( --e-global-typography-text-font-family ), Sans-serif; text-align: var(--text-align); background-color: var(--ast-global-color-5);\">Convegno WP1 \u2013 Spoke 9 del programma Age-It<\/strong><span style=\"font-style: inherit; font-weight: inherit; color: var( --e-global-color-text ); font-family: var( --e-global-typography-text-font-family ), Sans-serif; text-align: var(--text-align); background-color: var(--ast-global-color-5);\"> dal titolo: &#8220;<\/span><strong style=\"font-style: inherit; color: var( --e-global-color-text ); font-family: var( --e-global-typography-text-font-family ), Sans-serif; text-align: var(--text-align); background-color: var(--ast-global-color-5);\">Futuro Abitabile: Spazi, oggetti e dispositivi intelligenti a supporto dell\u2019invecchiamento<\/strong><span style=\"font-style: inherit; font-weight: inherit; color: var( --e-global-color-text ); font-family: var( --e-global-typography-text-font-family ), Sans-serif; text-align: var(--text-align); background-color: var(--ast-global-color-5);\">&#8220;.<\/span><\/p>\n<p>L&#8217;evento \u00e8 organizzato grazie al coordinamento della Prof.ssa Tiziana Ferrante ed \u00e8 finalizzato a presentare i risultati delle ricerche del gruppo di lavoro <strong>WP1<\/strong> su &#8220;<strong>Human centred design and evaluation, certifications, sustainability within the built environment<\/strong>&#8220;, all&#8217;interno dello <strong>Spoke 9<\/strong> del programma Age-It.<\/p>\n<p>Il convegno coinvolger\u00e0 esperti, stakeholder istituzionali, rappresentanti di categoria, professionisti e ricercatori, che condivideranno esperienze e idee per promuovere un approccio multidisciplinare nella progettazione di spazi di vita per gli anziani, migliorando il loro benessere e la qualit\u00e0 dell&#8217;assistenza.<\/p>\n<p>A questo <a href=\"https:\/\/ageit.eu\/wp\/wp-content\/uploads\/2024\/10\/Programma-Convegno-AGE-IT_07_Ottobre_2024-OK.pdf\">link<\/a> \u00e8 possibile scarica il programma preliminare dell&#8217;evento.<\/p>\n<p><strong>Per iscriversi al Convegno<\/strong>, si prega di compilare il seguente modulo entro il 13 dicembre: <a href=\"https:\/\/forms.gle\/H9TW1hVStYKvs7Q16\">https:\/\/forms.gle\/H9TW1hVStYKvs7Q16<\/a>.<\/p>\n<p><strong>Per la partecipazione da remoto<\/strong>, nelle prossime settimane, sar\u00e0 inviato un link all\u2019indirizzo mail indicato nel modulo di iscrizione. Per eventuali ulteriori informazioni, scrivere a: <a href=\"mailto:futuroabitabile.sapienza@uniroma1.it\">futuroabitabile.sapienza@uniroma1.it<\/a><\/p>\n<p><\/p>\n<\/figure>\n<figure><img decoding=\"async\" style=\"width: 262px;\" src=\"https:\/\/ageit.eu\/wp\/wp-content\/uploads\/2023\/12\/Spoke-9-logo-1-1024x908.png\" alt=\"\" height=\"232\"><\/figure>\n<p><!-- \/wp:image --><\/p>\t\t\t\t\t\t\t\t<\/div>\n\t\t\t\t<\/div>\n\t\t\t\t\t<\/div>\n\t\t\t\t<\/div>\n\t\t\t\t<\/div>\n\t\t","protected":false},"excerpt":{"rendered":"<p>***Aggiornamento del 9 febbraio 2025. A questo link le foto dell&#8217;evento &#8212;&nbsp;Foto &nbsp;Il prossimo 18 dicembre 2024, si terr\u00e0 presso l&#8217;Aula Magna della Facolt\u00e0 di Architettura dell&#8217;Universit\u00e0 di Roma Sapienza (via A. Gramsci 53) il Convegno WP1 \u2013 Spoke 9 del programma Age-It dal titolo: &#8220;Futuro Abitabile: Spazi, oggetti e dispositivi intelligenti a supporto dell\u2019invecchiamento&#8220;. L&#8217;evento \u00e8 organizzato grazie al coordinamento della Prof.ssa Tiziana Ferrante ed \u00e8 finalizzato a presentare i risultati delle ricerche del gruppo di lavoro WP1 su &#8220;Human centred design and evaluation, certifications, sustainability within the built environment&#8220;, all&#8217;interno dello Spoke 9 del programma Age-It. Il convegno coinvolger\u00e0 esperti, stakeholder istituzionali, rappresentanti di categoria, professionisti e ricercatori, che condivideranno esperienze e idee per promuovere un approccio multidisciplinare nella progettazione di spazi di vita per gli anziani, migliorando il loro benessere e la qualit\u00e0 dell&#8217;assistenza. A questo link \u00e8 possibile scarica il programma preliminare dell&#8217;evento. Per iscriversi al Convegno, si prega di compilare il seguente modulo entro il 13 dicembre: https:\/\/forms.gle\/H9TW1hVStYKvs7Q16. Per la partecipazione da remoto, nelle prossime settimane, sar\u00e0 inviato un link all\u2019indirizzo mail indicato nel modulo di iscrizione. Per eventuali ulteriori informazioni, scrivere a: futuroabitabile.sapienza@uniroma1.it<\/p>\n","protected":false},"author":1,"featured_media":1907,"comment_status":"closed","ping_status":"open","sticky":false,"template":"","format":"standard","meta":{"site-sidebar-layout":"default","site-content-layout":"","ast-site-content-layout":"default","site-content-style":"default","site-sidebar-style":"default","ast-global-header-display":"","ast-banner-title-visibility":"","ast-main-header-display":"","ast-hfb-above-header-display":"","ast-hfb-below-header-display":"","ast-hfb-mobile-header-display":"","site-post-title":"","ast-breadcrumbs-content":"","ast-featured-img":"","footer-sml-layout":"","ast-disable-related-posts":"","theme-transparent-header-meta":"","adv-header-id-meta":"","stick-header-meta":"","header-above-stick-meta":"","header-main-stick-meta":"","header-below-stick-meta":"","astra-migrate-meta-layouts":"default","ast-page-background-enabled":"default","ast-page-background-meta":{"desktop":{"background-color":"var(--ast-global-color-4)","background-image":"","background-repeat":"repeat","background-position":"center center","background-size":"auto","background-attachment":"scroll","background-type":"","background-media":"","overlay-type":"","overlay-color":"","overlay-opacity":"","overlay-gradient":""},"tablet":{"background-color":"","background-image":"","background-repeat":"repeat","background-position":"center center","background-size":"auto","background-attachment":"scroll","background-type":"","background-media":"","overlay-type":"","overlay-color":"","overlay-opacity":"","overlay-gradient":""},"mobile":{"background-color":"","background-image":"","background-repeat":"repeat","background-position":"center center","background-size":"auto","background-attachment":"scroll","background-type":"","background-media":"","overlay-type":"","overlay-color":"","overlay-opacity":"","overlay-gradient":""}},"ast-content-background-meta":{"desktop":{"background-color":"var(--ast-global-color-5)","background-image":"","background-repeat":"repeat","background-position":"center center","background-size":"auto","background-attachment":"scroll","background-type":"","background-media":"","overlay-type":"","overlay-color":"","overlay-opacity":"","overlay-gradient":""},"tablet":{"background-color":"var(--ast-global-color-5)","background-image":"","background-repeat":"repeat","background-position":"center center","background-size":"auto","background-attachment":"scroll","background-type":"","background-media":"","overlay-type":"","overlay-color":"","overlay-opacity":"","overlay-gradient":""},"mobile":{"background-color":"var(--ast-global-color-5)","background-image":"","background-repeat":"repeat","background-position":"center center","background-size":"auto","background-attachment":"scroll","background-type":"","background-media":"","overlay-type":"","overlay-color":"","overlay-opacity":"","overlay-gradient":""}},"footnotes":""},"categories":[35],"tags":[],"class_list":["post-5074","post","type-post","status-publish","format-standard","has-post-thumbnail","hentry","category-notizie"],"_links":{"self":[{"href":"https:\/\/ageit.eu\/wp\/wp-json\/wp\/v2\/posts\/5074","targetHints":{"allow":["GET"]}}],"collection":[{"href":"https:\/\/ageit.eu\/wp\/wp-json\/wp\/v2\/posts"}],"about":[{"href":"https:\/\/ageit.eu\/wp\/wp-json\/wp\/v2\/types\/post"}],"author":[{"embeddable":true,"href":"https:\/\/ageit.eu\/wp\/wp-json\/wp\/v2\/users\/1"}],"replies":[{"embeddable":true,"href":"https:\/\/ageit.eu\/wp\/wp-json\/wp\/v2\/comments?post=5074"}],"version-history":[{"count":17,"href":"https:\/\/ageit.eu\/wp\/wp-json\/wp\/v2\/posts\/5074\/revisions"}],"predecessor-version":[{"id":5832,"href":"https:\/\/ageit.eu\/wp\/wp-json\/wp\/v2\/posts\/5074\/revisions\/5832"}],"wp:featuredmedia":[{"embeddable":true,"href":"https:\/\/ageit.eu\/wp\/wp-json\/wp\/v2\/media\/1907"}],"wp:attachment":[{"href":"https:\/\/ageit.eu\/wp\/wp-json\/wp\/v2\/media?parent=5074"}],"wp:term":[{"taxonomy":"category","embeddable":true,"href":"https:\/\/ageit.eu\/wp\/wp-json\/wp\/v2\/categories?post=5074"},{"taxonomy":"post_tag","embeddable":true,"href":"https:\/\/ageit.eu\/wp\/wp-json\/wp\/v2\/tags?post=5074"}],"curies":[{"name":"wp","href":"https:\/\/api.w.org\/{rel}","templated":true}]}}